{"id":7908,"date":"2024-06-09T20:46:00","date_gmt":"2024-06-09T18:46:00","guid":{"rendered":"https:\/\/www.hc-sulzburg.de\/?p=7908"},"modified":"2026-01-25T12:49:24","modified_gmt":"2026-01-25T11:49:24","slug":"jahreskonzert-2021-wird-verschoben","status":"publish","type":"post","link":"https:\/\/www.hc-sulzburg.de\/?p=7908","title":{"rendered":"23. Januar 2027, Jahreskonzert"},"content":{"rendered":"\n<p>Bald ist es wieder soweit und der Handharmonika-Club l\u00e4dt wieder zu seinem Jahreskonzert in der Schwarzwaldhalle in Sulzburg ein. Unsere Dirigenten <a href=\"https:\/\/www.hc-sulzburg.de\/?page_id=12015\">Laurent Colombo<\/a> und <a href=\"https:\/\/www.hc-sulzburg.de\/?page_id=145\">Karin Fleck<\/a> haben wieder ein spannendes Programm vorbereitet. Lassen sie sich \u00fcberraschen, wir versprechen einen genussvollen Abend auf den man sich schon jetzt freuen kann.<\/p>\n\n\n\n<figure class=\"wp-block-image size-large\"><a href=\"https:\/\/ais.badische-zeitung.de\/piece\/1d\/ed\/44\/6a\/502088810-w-980.jpg\"><img decoding=\"async\" src=\"https:\/\/ais.badische-zeitung.de\/piece\/1d\/ed\/44\/6a\/502088810-w-980.jpg\" alt=\"\"\/><\/a><\/figure>\n\n\n\n<p class=\"western\">Der HC&nbsp;Sulzburg bietet laufend neue Anf\u00e4ngerkurse an. Deshalb m\u00f6chten wir auch besonders Kinder, Jugendliche und Erwachsene, die das Akkordeonspiel erlernen wollen, zum Jahreskonzert einladen. So ist ein unverbindliches &#8222;Reinh\u00f6ren&#8220; m\u00f6glich und man bekommt einen Einblick in die M\u00f6glichkeiten und die Vielseitigkeit, die das Akkordeon als Instrument bietet.<\/p>\n\n\n\n<p>kommen sie einfach vorbei und verbringen mit uns einen sch\u00f6nen Abend. F\u00fcr das leibliche wohl wird wie gewohnt bestens gesorgt.<\/p>\n\n\n\n<p> Einlass ab 19:00 und Konzertbeginn ab 20:00.<\/p>\n\n\n\n<p>Wir freuen uns schon jetzt auf Ihren Besuch und einen unvergesslichen Konzertabend!<\/p>\n\n\n\n<p>Ihr HC Sulzburg<\/p>\n\n\n\n<p><\/p>\n","protected":false},"excerpt":{"rendered":"<p>Bald ist es wieder soweit und der Handharmonika-Club l\u00e4dt wieder zu seinem Jahreskonzert in der Schwarzwaldhalle in Sulzburg ein. Unsere Dirigenten Laurent Colombo und Karin Fleck haben wieder ein spannendes Programm vorbereitet. Lassen sie sich \u00fcberraschen, wir versprechen einen genussvollen &hellip; <a href=\"https:\/\/www.hc-sulzburg.de\/?p=7908\">Weiterlesen <span class=\"meta-nav\">&rarr;<\/span><\/a><\/p>\n","protected":false},"author":57,"featured_media":7953,"comment_status":"closed","ping_status":"closed","sticky":false,"template":"","format":"standard","meta":{"footnotes":""},"categories":[1],"tags":[],"class_list":["post-7908","post","type-post","status-publish","format-standard","has-post-thumbnail","hentry","category-uncategorized"],"publishpress_future_action":{"enabled":false,"date":"2026-05-08 15:45:18","action":"change-status","newStatus":"draft","terms":[],"taxonomy":"category","extraData":[]},"publishpress_future_workflow_manual_trigger":{"enabledWorkflows":[]},"_links":{"self":[{"href":"https:\/\/www.hc-sulzburg.de\/index.php?rest_route=\/wp\/v2\/posts\/7908","targetHints":{"allow":["GET"]}}],"collection":[{"href":"https:\/\/www.hc-sulzburg.de\/index.php?rest_route=\/wp\/v2\/posts"}],"about":[{"href":"https:\/\/www.hc-sulzburg.de\/index.php?rest_route=\/wp\/v2\/types\/post"}],"author":[{"embeddable":true,"href":"https:\/\/www.hc-sulzburg.de\/index.php?rest_route=\/wp\/v2\/users\/57"}],"replies":[{"embeddable":true,"href":"https:\/\/www.hc-sulzburg.de\/index.php?rest_route=%2Fwp%2Fv2%2Fcomments&post=7908"}],"version-history":[{"count":0,"href":"https:\/\/www.hc-sulzburg.de\/index.php?rest_route=\/wp\/v2\/posts\/7908\/revisions"}],"wp:featuredmedia":[{"embeddable":true,"href":"https:\/\/www.hc-sulzburg.de\/index.php?rest_route=\/wp\/v2\/media\/7953"}],"wp:attachment":[{"href":"https:\/\/www.hc-sulzburg.de\/index.php?rest_route=%2Fwp%2Fv2%2Fmedia&parent=7908"}],"wp:term":[{"taxonomy":"category","embeddable":true,"href":"https:\/\/www.hc-sulzburg.de\/index.php?rest_route=%2Fwp%2Fv2%2Fcategories&post=7908"},{"taxonomy":"post_tag","embeddable":true,"href":"https:\/\/www.hc-sulzburg.de\/index.php?rest_route=%2Fwp%2Fv2%2Ftags&post=7908"}],"curies":[{"name":"wp","href":"https:\/\/api.w.org\/{rel}","templated":true}]}}